{"id":522,"date":"2021-01-18T11:33:17","date_gmt":"2021-01-18T10:33:17","guid":{"rendered":"https:\/\/www.grande-traversee-alpes.com\/?p=522"},"modified":"2024-01-22T10:49:39","modified_gmt":"2024-01-22T09:49:39","slug":"alpes-2021","status":"publish","type":"post","link":"https:\/\/www.grande-traversee-alpes.com\/en\/alpes-2021\/","title":{"rendered":"Alpes 2021"},"content":{"rendered":"\r\n<p>10 coll\u00e9giens s&#8217;engagent pour une aventure sportive et humaine extraordinaire : r\u00e9aliser en 28 jours la Grande travers\u00e9e des Alpes du L\u00e9man \u00e0 la M\u00e9diterran\u00e9e.<\/p>\r\n\r\n\r\n\r\n<p>On croise les doigts pour que le projet aboutisse en 2021 !<\/p>\r\n\r\n\r\n\r\n<p>Bravo \u00e0 l&#8217;\u00e9quipe p\u00e9dagogique qui souhaite montrer que les jeunes poss\u00e8dent des qualit\u00e9s et des valeurs parfois oubli\u00e9es aujourd&#8217;hui : courage, sens de l&#8217;effort et de l&#8217;engagement, respect, etc. A bient\u00f4t pour suivre cette aventure hors du commun sur notre site <a href=\"http:\/\/www.grande-traversee-alpes.com\/?fbclid=IwAR2El5fDPykTWYC0npO51FM8ZzvwlI1PfMESbpFMiVCKdnRubfPmMeXMQy8\" target=\"_blank\" rel=\"noreferrer noopener\">www.grande-traversee-alpes.com<\/a><\/p>\r\n\r\n\r\n\r\n<p>&nbsp;<\/p>\r\n\r\n\r\n\r\n<p>&nbsp;<\/p>\r\n\r\n\r\n\r\n<p><iframe loading=\"lazy\" class=\"wp-embedded-content\" sandbox=\"allow-scripts\" security=\"restricted\" title=\"Alpes 2021 Cp\" src=\"\/\/v.calameo.com\/?bkcode=006354948e927b8d72ce8#?secret=6UetTC8OPS\" data-secret=\"6UetTC8OPS\" width=\"1413\" height=\"1000\" frameborder=\"0\" scrolling=\"no\"><\/iframe><\/p>\r\n\r\n\r\n","protected":false},"excerpt":{"rendered":"<p>10 coll\u00e9giens s&#8217;engagent pour une aventure sportive et humaine extraordinaire : r\u00e9aliser en 28 jours la Grande travers\u00e9e des Alpes du L\u00e9man \u00e0 la M\u00e9diterran\u00e9e. On<span class=\"excerpt-hellip\"> [\u2026]<\/span><\/p>\n","protected":false},"author":6,"featured_media":523,"comment_status":"closed","ping_status":"open","sticky":false,"template":"","format":"standard","meta":{"_monsterinsights_skip_tracking":false,"_monsterinsights_sitenote_active":false,"_monsterinsights_sitenote_note":"","_monsterinsights_sitenote_category":0,"footnotes":""},"categories":[1],"tags":[],"class_list":["post-522","post","type-post","status-publish","format-standard","has-post-thumbnail","hentry","category-actualites_gr5_alpes"],"yoast_head":"<!-- This site is optimized with the Yoast SEO plugin v27.5 - https:\/\/yoast.com\/product\/yoast-seo-wordpress\/ -->\n<title>Alpes 2021<\/title>\n<meta name=\"robots\" content=\"index, follow, max-snippet:-1, max-image-preview:large, max-video-preview:-1\" \/>\n<link rel=\"canonical\" href=\"https:\/\/www.grande-traversee-alpes.com\/en\/alpes-2021\/\" \/>\n<meta property=\"og:locale\" content=\"en_US\" \/>\n<meta property=\"og:locale:alternate\" content=\"fr_FR\" \/>\n<meta property=\"og:type\" content=\"article\" \/>\n<meta property=\"og:title\" content=\"Alpes 2021\" \/>\n<meta property=\"og:description\" content=\"10 coll\u00e9giens s&#8217;engagent pour une aventure sportive et humaine extraordinaire : r\u00e9aliser en 28 jours la Grande travers\u00e9e des Alpes du L\u00e9man \u00e0 la M\u00e9diterran\u00e9e. On [\u2026]\" \/>\n<meta property=\"og:url\" content=\"https:\/\/www.grande-traversee-alpes.com\/en\/alpes-2021\/\" \/>\n<meta property=\"og:site_name\" content=\"GR5 Alpes\" \/>\n<meta property=\"article:published_time\" content=\"2021-01-18T10:33:17+00:00\" \/>\n<meta property=\"article:modified_time\" content=\"2024-01-22T09:49:39+00:00\" \/>\n<meta property=\"og:image\" content=\"https:\/\/www.grande-traversee-alpes.com\/wp-content\/uploads\/2021\/01\/jeunesalpes21.jpg\" \/>\n\t<meta property=\"og:image:width\" content=\"2203\" \/>\n\t<meta property=\"og:image:height\" content=\"1240\" \/>\n\t<meta property=\"og:image:type\" content=\"image\/jpeg\" \/>\n<meta name=\"author\" content=\"dmartin\" \/>\n<meta name=\"twitter:card\" content=\"summary_large_image\" \/>\n<meta name=\"twitter:label1\" content=\"Written by\" \/>\n\t<meta name=\"twitter:data1\" content=\"dmartin\" \/>\n\t<meta name=\"twitter:label2\" content=\"Est. reading time\" \/>\n\t<meta name=\"twitter:data2\" content=\"1 minute\" \/>\n<script type=\"application\/ld+json\" class=\"yoast-schema-graph\">{\"@context\":\"https:\\\/\\\/schema.org\",\"@graph\":[{\"@type\":\"Article\",\"@id\":\"https:\\\/\\\/www.grande-traversee-alpes.com\\\/alpes-2021\\\/#article\",\"isPartOf\":{\"@id\":\"https:\\\/\\\/www.grande-traversee-alpes.com\\\/alpes-2021\\\/\"},\"author\":{\"name\":\"dmartin\",\"@id\":\"https:\\\/\\\/www.grande-traversee-alpes.com\\\/#\\\/schema\\\/person\\\/f0a0c369ffc8cf00d7ecfb62d32afe37\"},\"headline\":\"Alpes 2021\",\"datePublished\":\"2021-01-18T10:33:17+00:00\",\"dateModified\":\"2024-01-22T09:49:39+00:00\",\"mainEntityOfPage\":{\"@id\":\"https:\\\/\\\/www.grande-traversee-alpes.com\\\/alpes-2021\\\/\"},\"wordCount\":103,\"publisher\":{\"@id\":\"https:\\\/\\\/www.grande-traversee-alpes.com\\\/#organization\"},\"image\":{\"@id\":\"https:\\\/\\\/www.grande-traversee-alpes.com\\\/alpes-2021\\\/#primaryimage\"},\"thumbnailUrl\":\"https:\\\/\\\/www.grande-traversee-alpes.com\\\/wp-content\\\/uploads\\\/2021\\\/01\\\/jeunesalpes21.jpg\",\"articleSection\":[\"Actualit\u00e9s\"],\"inLanguage\":\"en-US\"},{\"@type\":\"WebPage\",\"@id\":\"https:\\\/\\\/www.grande-traversee-alpes.com\\\/alpes-2021\\\/\",\"url\":\"https:\\\/\\\/www.grande-traversee-alpes.com\\\/alpes-2021\\\/\",\"name\":\"Alpes 2021\",\"isPartOf\":{\"@id\":\"https:\\\/\\\/www.grande-traversee-alpes.com\\\/#website\"},\"primaryImageOfPage\":{\"@id\":\"https:\\\/\\\/www.grande-traversee-alpes.com\\\/alpes-2021\\\/#primaryimage\"},\"image\":{\"@id\":\"https:\\\/\\\/www.grande-traversee-alpes.com\\\/alpes-2021\\\/#primaryimage\"},\"thumbnailUrl\":\"https:\\\/\\\/www.grande-traversee-alpes.com\\\/wp-content\\\/uploads\\\/2021\\\/01\\\/jeunesalpes21.jpg\",\"datePublished\":\"2021-01-18T10:33:17+00:00\",\"dateModified\":\"2024-01-22T09:49:39+00:00\",\"breadcrumb\":{\"@id\":\"https:\\\/\\\/www.grande-traversee-alpes.com\\\/alpes-2021\\\/#breadcrumb\"},\"inLanguage\":\"en-US\",\"potentialAction\":[{\"@type\":\"ReadAction\",\"target\":[\"https:\\\/\\\/www.grande-traversee-alpes.com\\\/alpes-2021\\\/\"]}]},{\"@type\":\"ImageObject\",\"inLanguage\":\"en-US\",\"@id\":\"https:\\\/\\\/www.grande-traversee-alpes.com\\\/alpes-2021\\\/#primaryimage\",\"url\":\"https:\\\/\\\/www.grande-traversee-alpes.com\\\/wp-content\\\/uploads\\\/2021\\\/01\\\/jeunesalpes21.jpg\",\"contentUrl\":\"https:\\\/\\\/www.grande-traversee-alpes.com\\\/wp-content\\\/uploads\\\/2021\\\/01\\\/jeunesalpes21.jpg\",\"width\":2203,\"height\":1240},{\"@type\":\"BreadcrumbList\",\"@id\":\"https:\\\/\\\/www.grande-traversee-alpes.com\\\/alpes-2021\\\/#breadcrumb\",\"itemListElement\":[{\"@type\":\"ListItem\",\"position\":1,\"name\":\"Accueil\",\"item\":\"https:\\\/\\\/www.grande-traversee-alpes.com\\\/\"},{\"@type\":\"ListItem\",\"position\":2,\"name\":\"Alpes 2021\"}]},{\"@type\":\"WebSite\",\"@id\":\"https:\\\/\\\/www.grande-traversee-alpes.com\\\/#website\",\"url\":\"https:\\\/\\\/www.grande-traversee-alpes.com\\\/\",\"name\":\"GR5 Alpes\",\"description\":\"GR\u00ae5 - la grande travers\u00e9e des Alpes\",\"publisher\":{\"@id\":\"https:\\\/\\\/www.grande-traversee-alpes.com\\\/#organization\"},\"potentialAction\":[{\"@type\":\"SearchAction\",\"target\":{\"@type\":\"EntryPoint\",\"urlTemplate\":\"https:\\\/\\\/www.grande-traversee-alpes.com\\\/?s={search_term_string}\"},\"query-input\":{\"@type\":\"PropertyValueSpecification\",\"valueRequired\":true,\"valueName\":\"search_term_string\"}}],\"inLanguage\":\"en-US\"},{\"@type\":\"Organization\",\"@id\":\"https:\\\/\\\/www.grande-traversee-alpes.com\\\/#organization\",\"name\":\"GR5 Alpes\",\"url\":\"https:\\\/\\\/www.grande-traversee-alpes.com\\\/\",\"logo\":{\"@type\":\"ImageObject\",\"inLanguage\":\"en-US\",\"@id\":\"https:\\\/\\\/www.grande-traversee-alpes.com\\\/#\\\/schema\\\/logo\\\/image\\\/\",\"url\":\"https:\\\/\\\/www.grande-traversee-alpes.com\\\/wp-content\\\/uploads\\\/2024\\\/01\\\/cropped-icone-gta-2.png\",\"contentUrl\":\"https:\\\/\\\/www.grande-traversee-alpes.com\\\/wp-content\\\/uploads\\\/2024\\\/01\\\/cropped-icone-gta-2.png\",\"width\":378,\"height\":328,\"caption\":\"GR5 Alpes\"},\"image\":{\"@id\":\"https:\\\/\\\/www.grande-traversee-alpes.com\\\/#\\\/schema\\\/logo\\\/image\\\/\"}},{\"@type\":\"Person\",\"@id\":\"https:\\\/\\\/www.grande-traversee-alpes.com\\\/#\\\/schema\\\/person\\\/f0a0c369ffc8cf00d7ecfb62d32afe37\",\"name\":\"dmartin\",\"image\":{\"@type\":\"ImageObject\",\"inLanguage\":\"en-US\",\"@id\":\"https:\\\/\\\/secure.gravatar.com\\\/avatar\\\/c35ebac243b8f050815e61476327c9e109f83eaa359360b17d7598db4efa3689?s=96&d=mm&r=g\",\"url\":\"https:\\\/\\\/secure.gravatar.com\\\/avatar\\\/c35ebac243b8f050815e61476327c9e109f83eaa359360b17d7598db4efa3689?s=96&d=mm&r=g\",\"contentUrl\":\"https:\\\/\\\/secure.gravatar.com\\\/avatar\\\/c35ebac243b8f050815e61476327c9e109f83eaa359360b17d7598db4efa3689?s=96&d=mm&r=g\",\"caption\":\"dmartin\"},\"sameAs\":[\"delphine@grande-traversee-alpes.com\"],\"url\":\"https:\\\/\\\/www.grande-traversee-alpes.com\\\/en\\\/author\\\/dmartin\\\/\"}]}<\/script>\n<!-- \/ Yoast SEO plugin. -->","yoast_head_json":{"title":"Alpes 2021","robots":{"index":"index","follow":"follow","max-snippet":"max-snippet:-1","max-image-preview":"max-image-preview:large","max-video-preview":"max-video-preview:-1"},"canonical":"https:\/\/www.grande-traversee-alpes.com\/en\/alpes-2021\/","og_locale":"en_US","og_type":"article","og_title":"[:fr]Alpes 2021[:] - GR5 Alpes","og_description":"10 coll\u00e9giens s&#8217;engagent pour une aventure sportive et humaine extraordinaire : r\u00e9aliser en 28 jours la Grande travers\u00e9e des Alpes du L\u00e9man \u00e0 la M\u00e9diterran\u00e9e. On [\u2026]","og_url":"https:\/\/www.grande-traversee-alpes.com\/en\/alpes-2021\/","og_site_name":"GR5 Alpes","article_published_time":"2021-01-18T10:33:17+00:00","article_modified_time":"2024-01-22T09:49:39+00:00","og_image":[{"width":2203,"height":1240,"url":"https:\/\/www.grande-traversee-alpes.com\/wp-content\/uploads\/2021\/01\/jeunesalpes21.jpg","type":"image\/jpeg"}],"author":"dmartin","twitter_card":"summary_large_image","twitter_misc":{"Written by":"dmartin","Est. reading time":"1 minute"},"schema":{"@context":"https:\/\/schema.org","@graph":[{"@type":"Article","@id":"https:\/\/www.grande-traversee-alpes.com\/alpes-2021\/#article","isPartOf":{"@id":"https:\/\/www.grande-traversee-alpes.com\/alpes-2021\/"},"author":{"name":"dmartin","@id":"https:\/\/www.grande-traversee-alpes.com\/#\/schema\/person\/f0a0c369ffc8cf00d7ecfb62d32afe37"},"headline":"Alpes 2021","datePublished":"2021-01-18T10:33:17+00:00","dateModified":"2024-01-22T09:49:39+00:00","mainEntityOfPage":{"@id":"https:\/\/www.grande-traversee-alpes.com\/alpes-2021\/"},"wordCount":103,"publisher":{"@id":"https:\/\/www.grande-traversee-alpes.com\/#organization"},"image":{"@id":"https:\/\/www.grande-traversee-alpes.com\/alpes-2021\/#primaryimage"},"thumbnailUrl":"https:\/\/www.grande-traversee-alpes.com\/wp-content\/uploads\/2021\/01\/jeunesalpes21.jpg","articleSection":["Actualit\u00e9s"],"inLanguage":"en-US"},{"@type":"WebPage","@id":"https:\/\/www.grande-traversee-alpes.com\/alpes-2021\/","url":"https:\/\/www.grande-traversee-alpes.com\/alpes-2021\/","name":"Alpes 2021","isPartOf":{"@id":"https:\/\/www.grande-traversee-alpes.com\/#website"},"primaryImageOfPage":{"@id":"https:\/\/www.grande-traversee-alpes.com\/alpes-2021\/#primaryimage"},"image":{"@id":"https:\/\/www.grande-traversee-alpes.com\/alpes-2021\/#primaryimage"},"thumbnailUrl":"https:\/\/www.grande-traversee-alpes.com\/wp-content\/uploads\/2021\/01\/jeunesalpes21.jpg","datePublished":"2021-01-18T10:33:17+00:00","dateModified":"2024-01-22T09:49:39+00:00","breadcrumb":{"@id":"https:\/\/www.grande-traversee-alpes.com\/alpes-2021\/#breadcrumb"},"inLanguage":"en-US","potentialAction":[{"@type":"ReadAction","target":["https:\/\/www.grande-traversee-alpes.com\/alpes-2021\/"]}]},{"@type":"ImageObject","inLanguage":"en-US","@id":"https:\/\/www.grande-traversee-alpes.com\/alpes-2021\/#primaryimage","url":"https:\/\/www.grande-traversee-alpes.com\/wp-content\/uploads\/2021\/01\/jeunesalpes21.jpg","contentUrl":"https:\/\/www.grande-traversee-alpes.com\/wp-content\/uploads\/2021\/01\/jeunesalpes21.jpg","width":2203,"height":1240},{"@type":"BreadcrumbList","@id":"https:\/\/www.grande-traversee-alpes.com\/alpes-2021\/#breadcrumb","itemListElement":[{"@type":"ListItem","position":1,"name":"Accueil","item":"https:\/\/www.grande-traversee-alpes.com\/"},{"@type":"ListItem","position":2,"name":"Alpes 2021"}]},{"@type":"WebSite","@id":"https:\/\/www.grande-traversee-alpes.com\/#website","url":"https:\/\/www.grande-traversee-alpes.com\/","name":"GR5 Alpes","description":"GR\u00ae5 - la grande travers\u00e9e des Alpes","publisher":{"@id":"https:\/\/www.grande-traversee-alpes.com\/#organization"},"potentialAction":[{"@type":"SearchAction","target":{"@type":"EntryPoint","urlTemplate":"https:\/\/www.grande-traversee-alpes.com\/?s={search_term_string}"},"query-input":{"@type":"PropertyValueSpecification","valueRequired":true,"valueName":"search_term_string"}}],"inLanguage":"en-US"},{"@type":"Organization","@id":"https:\/\/www.grande-traversee-alpes.com\/#organization","name":"GR5 Alpes","url":"https:\/\/www.grande-traversee-alpes.com\/","logo":{"@type":"ImageObject","inLanguage":"en-US","@id":"https:\/\/www.grande-traversee-alpes.com\/#\/schema\/logo\/image\/","url":"https:\/\/www.grande-traversee-alpes.com\/wp-content\/uploads\/2024\/01\/cropped-icone-gta-2.png","contentUrl":"https:\/\/www.grande-traversee-alpes.com\/wp-content\/uploads\/2024\/01\/cropped-icone-gta-2.png","width":378,"height":328,"caption":"GR5 Alpes"},"image":{"@id":"https:\/\/www.grande-traversee-alpes.com\/#\/schema\/logo\/image\/"}},{"@type":"Person","@id":"https:\/\/www.grande-traversee-alpes.com\/#\/schema\/person\/f0a0c369ffc8cf00d7ecfb62d32afe37","name":"dmartin","image":{"@type":"ImageObject","inLanguage":"en-US","@id":"https:\/\/secure.gravatar.com\/avatar\/c35ebac243b8f050815e61476327c9e109f83eaa359360b17d7598db4efa3689?s=96&d=mm&r=g","url":"https:\/\/secure.gravatar.com\/avatar\/c35ebac243b8f050815e61476327c9e109f83eaa359360b17d7598db4efa3689?s=96&d=mm&r=g","contentUrl":"https:\/\/secure.gravatar.com\/avatar\/c35ebac243b8f050815e61476327c9e109f83eaa359360b17d7598db4efa3689?s=96&d=mm&r=g","caption":"dmartin"},"sameAs":["delphine@grande-traversee-alpes.com"],"url":"https:\/\/www.grande-traversee-alpes.com\/en\/author\/dmartin\/"}]}},"_links":{"self":[{"href":"https:\/\/www.grande-traversee-alpes.com\/en\/wp-json\/wp\/v2\/posts\/522","targetHints":{"allow":["GET"]}}],"collection":[{"href":"https:\/\/www.grande-traversee-alpes.com\/en\/wp-json\/wp\/v2\/posts"}],"about":[{"href":"https:\/\/www.grande-traversee-alpes.com\/en\/wp-json\/wp\/v2\/types\/post"}],"author":[{"embeddable":true,"href":"https:\/\/www.grande-traversee-alpes.com\/en\/wp-json\/wp\/v2\/users\/6"}],"replies":[{"embeddable":true,"href":"https:\/\/www.grande-traversee-alpes.com\/en\/wp-json\/wp\/v2\/comments?post=522"}],"version-history":[{"count":7,"href":"https:\/\/www.grande-traversee-alpes.com\/en\/wp-json\/wp\/v2\/posts\/522\/revisions"}],"predecessor-version":[{"id":1537,"href":"https:\/\/www.grande-traversee-alpes.com\/en\/wp-json\/wp\/v2\/posts\/522\/revisions\/1537"}],"wp:featuredmedia":[{"embeddable":true,"href":"https:\/\/www.grande-traversee-alpes.com\/en\/wp-json\/wp\/v2\/media\/523"}],"wp:attachment":[{"href":"https:\/\/www.grande-traversee-alpes.com\/en\/wp-json\/wp\/v2\/media?parent=522"}],"wp:term":[{"taxonomy":"category","embeddable":true,"href":"https:\/\/www.grande-traversee-alpes.com\/en\/wp-json\/wp\/v2\/categories?post=522"},{"taxonomy":"post_tag","embeddable":true,"href":"https:\/\/www.grande-traversee-alpes.com\/en\/wp-json\/wp\/v2\/tags?post=522"}],"curies":[{"name":"wp","href":"https:\/\/api.w.org\/{rel}","templated":true}]}}