{"id":411,"date":"2020-06-18T16:13:22","date_gmt":"2020-06-18T14:13:22","guid":{"rendered":"https:\/\/www.grande-traversee-alpes.com\/?p=411"},"modified":"2020-06-18T16:20:46","modified_gmt":"2020-06-18T14:20:46","slug":"sejours-en-refuge-info-covid-19","status":"publish","type":"post","link":"https:\/\/www.grande-traversee-alpes.com\/en\/sejours-en-refuge-info-covid-19\/","title":{"rendered":"Conditions d&#8217;accueil des h\u00e9bergeurs sur la partie alpine du GR\u00ae5 &#8211; info covid-19"},"content":{"rendered":"\n<p>La plupart des h\u00e9bergements sont ouverts ou se pr\u00e9parent \u00e0 vous accueillir d&#8217;ici la fin du mois. Vous pouvez consulter leurs p\u00e9riodes d&#8217;ouverture depuis leur fiche h\u00e9bergement (disponible sur chaque descriptif d&#8217;\u00e9tape dans l&#8217;onglet itin\u00e9raire, \u00e0 partir de la carte) ou sur leur site internet. Afin de pr\u00e9parer au mieux votre s\u00e9jour, nous vous invitons \u00e0 consulter les informations suivantes :  les conditions d&#8217;accueil des h\u00e9bergeurs pr\u00e9sents sur et \u00e0 proximit\u00e9 des GR\u00ae d\u00e9livr\u00e9es par la <a href=\"https:\/\/www.mongr.fr\/sinspirer\/actu\/modalites-d-accueil-des-hebergeurs-presents-sur-et-a-proximite-d-un-gr\">FFRandonn\u00e9e<\/a>, <a href=\"https:\/\/www.ffcam.fr\/rechercher_refuge_chalet.html\">la liste des refuges FFCAM ouverts<\/a> ainsi que la charte d&#8217;engagement individuel, la note d&#8217;information r\u00e9alis\u00e9e par le <a href=\"http:\/\/www.vanoise-parcnational.fr\/fr\/actualites\/ete-2020-dans-le-parc-national-de-la-vanoise-information-covid-19\">Parc national de la Vanoise<\/a>, ainsi que les r\u00e9ponses apport\u00e9es par le <a href=\"http:\/\/www.mercantour-parcnational.fr\/fr\/actualites\/les-reponses-vos-questions-les-plus-frequentes-de-debut-de-saison-gtm-refuges\">Parc national du Mercantour<\/a>. Bel \u00e9t\u00e9 \u00e0 tous !<\/p>\n","protected":false},"excerpt":{"rendered":"<p>La plupart des h\u00e9bergements sont ouverts ou se pr\u00e9parent \u00e0 vous accueillir d&#8217;ici la fin du mois. Vous pouvez consulter leurs p\u00e9riodes d&#8217;ouverture depuis leur fiche<span class=\"excerpt-hellip\"> [\u2026]<\/span><\/p>\n","protected":false},"author":6,"featured_media":0,"comment_status":"closed","ping_status":"open","sticky":false,"template":"","format":"standard","meta":{"_monsterinsights_skip_tracking":false,"_monsterinsights_sitenote_active":false,"_monsterinsights_sitenote_note":"","_monsterinsights_sitenote_category":0,"footnotes":""},"categories":[1],"tags":[],"class_list":["post-411","post","type-post","status-publish","format-standard","hentry","category-actualites_gr5_alpes"],"yoast_head":"<!-- This site is optimized with the Yoast SEO plugin v27.5 - https:\/\/yoast.com\/product\/yoast-seo-wordpress\/ -->\n<title>Conditions d&#039;accueil des h\u00e9bergeurs sur la partie alpine du GR\u00ae5 - info covid-19<\/title>\n<meta name=\"robots\" content=\"index, follow, max-snippet:-1, max-image-preview:large, max-video-preview:-1\" \/>\n<link rel=\"canonical\" href=\"https:\/\/www.grande-traversee-alpes.com\/en\/sejours-en-refuge-info-covid-19\/\" \/>\n<meta property=\"og:locale\" content=\"en_US\" \/>\n<meta property=\"og:locale:alternate\" content=\"fr_FR\" \/>\n<meta property=\"og:type\" content=\"article\" \/>\n<meta property=\"og:title\" content=\"Conditions d&#039;accueil des h\u00e9bergeurs sur la partie alpine du GR\u00ae5 - info covid-19\" \/>\n<meta property=\"og:description\" content=\"La plupart des h\u00e9bergements sont ouverts ou se pr\u00e9parent \u00e0 vous accueillir d&#8217;ici la fin du mois. Vous pouvez consulter leurs p\u00e9riodes d&#8217;ouverture depuis leur fiche [\u2026]\" \/>\n<meta property=\"og:url\" content=\"https:\/\/www.grande-traversee-alpes.com\/en\/sejours-en-refuge-info-covid-19\/\" \/>\n<meta property=\"og:site_name\" content=\"GR5 Alpes\" \/>\n<meta property=\"article:published_time\" content=\"2020-06-18T14:13:22+00:00\" \/>\n<meta property=\"article:modified_time\" content=\"2020-06-18T14:20:46+00:00\" \/>\n<meta name=\"author\" content=\"dmartin\" \/>\n<meta name=\"twitter:card\" content=\"summary_large_image\" \/>\n<meta name=\"twitter:label1\" content=\"Written by\" \/>\n\t<meta name=\"twitter:data1\" content=\"dmartin\" \/>\n\t<meta name=\"twitter:label2\" content=\"Est. reading time\" \/>\n\t<meta name=\"twitter:data2\" content=\"1 minute\" \/>\n<script type=\"application\/ld+json\" class=\"yoast-schema-graph\">{\"@context\":\"https:\\\/\\\/schema.org\",\"@graph\":[{\"@type\":\"Article\",\"@id\":\"https:\\\/\\\/www.grande-traversee-alpes.com\\\/sejours-en-refuge-info-covid-19\\\/#article\",\"isPartOf\":{\"@id\":\"https:\\\/\\\/www.grande-traversee-alpes.com\\\/sejours-en-refuge-info-covid-19\\\/\"},\"author\":{\"name\":\"dmartin\",\"@id\":\"https:\\\/\\\/www.grande-traversee-alpes.com\\\/#\\\/schema\\\/person\\\/f0a0c369ffc8cf00d7ecfb62d32afe37\"},\"headline\":\"Conditions d&#8217;accueil des h\u00e9bergeurs sur la partie alpine du GR\u00ae5 &#8211; info covid-19\",\"datePublished\":\"2020-06-18T14:13:22+00:00\",\"dateModified\":\"2020-06-18T14:20:46+00:00\",\"mainEntityOfPage\":{\"@id\":\"https:\\\/\\\/www.grande-traversee-alpes.com\\\/sejours-en-refuge-info-covid-19\\\/\"},\"wordCount\":149,\"publisher\":{\"@id\":\"https:\\\/\\\/www.grande-traversee-alpes.com\\\/#organization\"},\"articleSection\":[\"Actualit\u00e9s\"],\"inLanguage\":\"en-US\"},{\"@type\":\"WebPage\",\"@id\":\"https:\\\/\\\/www.grande-traversee-alpes.com\\\/sejours-en-refuge-info-covid-19\\\/\",\"url\":\"https:\\\/\\\/www.grande-traversee-alpes.com\\\/sejours-en-refuge-info-covid-19\\\/\",\"name\":\"Conditions d'accueil des h\u00e9bergeurs sur la partie alpine du GR\u00ae5 - info covid-19\",\"isPartOf\":{\"@id\":\"https:\\\/\\\/www.grande-traversee-alpes.com\\\/#website\"},\"datePublished\":\"2020-06-18T14:13:22+00:00\",\"dateModified\":\"2020-06-18T14:20:46+00:00\",\"breadcrumb\":{\"@id\":\"https:\\\/\\\/www.grande-traversee-alpes.com\\\/sejours-en-refuge-info-covid-19\\\/#breadcrumb\"},\"inLanguage\":\"en-US\",\"potentialAction\":[{\"@type\":\"ReadAction\",\"target\":[\"https:\\\/\\\/www.grande-traversee-alpes.com\\\/sejours-en-refuge-info-covid-19\\\/\"]}]},{\"@type\":\"BreadcrumbList\",\"@id\":\"https:\\\/\\\/www.grande-traversee-alpes.com\\\/sejours-en-refuge-info-covid-19\\\/#breadcrumb\",\"itemListElement\":[{\"@type\":\"ListItem\",\"position\":1,\"name\":\"Accueil\",\"item\":\"https:\\\/\\\/www.grande-traversee-alpes.com\\\/\"},{\"@type\":\"ListItem\",\"position\":2,\"name\":\"Conditions d&#8217;accueil des h\u00e9bergeurs sur la partie alpine du GR\u00ae5 &#8211; info covid-19\"}]},{\"@type\":\"WebSite\",\"@id\":\"https:\\\/\\\/www.grande-traversee-alpes.com\\\/#website\",\"url\":\"https:\\\/\\\/www.grande-traversee-alpes.com\\\/\",\"name\":\"GR5 Alpes\",\"description\":\"GR\u00ae5 - la grande travers\u00e9e des Alpes\",\"publisher\":{\"@id\":\"https:\\\/\\\/www.grande-traversee-alpes.com\\\/#organization\"},\"potentialAction\":[{\"@type\":\"SearchAction\",\"target\":{\"@type\":\"EntryPoint\",\"urlTemplate\":\"https:\\\/\\\/www.grande-traversee-alpes.com\\\/?s={search_term_string}\"},\"query-input\":{\"@type\":\"PropertyValueSpecification\",\"valueRequired\":true,\"valueName\":\"search_term_string\"}}],\"inLanguage\":\"en-US\"},{\"@type\":\"Organization\",\"@id\":\"https:\\\/\\\/www.grande-traversee-alpes.com\\\/#organization\",\"name\":\"GR5 Alpes\",\"url\":\"https:\\\/\\\/www.grande-traversee-alpes.com\\\/\",\"logo\":{\"@type\":\"ImageObject\",\"inLanguage\":\"en-US\",\"@id\":\"https:\\\/\\\/www.grande-traversee-alpes.com\\\/#\\\/schema\\\/logo\\\/image\\\/\",\"url\":\"https:\\\/\\\/www.grande-traversee-alpes.com\\\/wp-content\\\/uploads\\\/2024\\\/01\\\/cropped-icone-gta-2.png\",\"contentUrl\":\"https:\\\/\\\/www.grande-traversee-alpes.com\\\/wp-content\\\/uploads\\\/2024\\\/01\\\/cropped-icone-gta-2.png\",\"width\":378,\"height\":328,\"caption\":\"GR5 Alpes\"},\"image\":{\"@id\":\"https:\\\/\\\/www.grande-traversee-alpes.com\\\/#\\\/schema\\\/logo\\\/image\\\/\"}},{\"@type\":\"Person\",\"@id\":\"https:\\\/\\\/www.grande-traversee-alpes.com\\\/#\\\/schema\\\/person\\\/f0a0c369ffc8cf00d7ecfb62d32afe37\",\"name\":\"dmartin\",\"image\":{\"@type\":\"ImageObject\",\"inLanguage\":\"en-US\",\"@id\":\"https:\\\/\\\/secure.gravatar.com\\\/avatar\\\/c35ebac243b8f050815e61476327c9e109f83eaa359360b17d7598db4efa3689?s=96&d=mm&r=g\",\"url\":\"https:\\\/\\\/secure.gravatar.com\\\/avatar\\\/c35ebac243b8f050815e61476327c9e109f83eaa359360b17d7598db4efa3689?s=96&d=mm&r=g\",\"contentUrl\":\"https:\\\/\\\/secure.gravatar.com\\\/avatar\\\/c35ebac243b8f050815e61476327c9e109f83eaa359360b17d7598db4efa3689?s=96&d=mm&r=g\",\"caption\":\"dmartin\"},\"sameAs\":[\"delphine@grande-traversee-alpes.com\"],\"url\":\"https:\\\/\\\/www.grande-traversee-alpes.com\\\/en\\\/author\\\/dmartin\\\/\"}]}<\/script>\n<!-- \/ Yoast SEO plugin. -->","yoast_head_json":{"title":"Conditions d'accueil des h\u00e9bergeurs sur la partie alpine du GR\u00ae5 - info covid-19","robots":{"index":"index","follow":"follow","max-snippet":"max-snippet:-1","max-image-preview":"max-image-preview:large","max-video-preview":"max-video-preview:-1"},"canonical":"https:\/\/www.grande-traversee-alpes.com\/en\/sejours-en-refuge-info-covid-19\/","og_locale":"en_US","og_type":"article","og_title":"[:fr]Conditions d'accueil des h\u00e9bergeurs sur la partie alpine du GR\u00ae5 - info covid-19[:] - GR5 Alpes","og_description":"La plupart des h\u00e9bergements sont ouverts ou se pr\u00e9parent \u00e0 vous accueillir d&#8217;ici la fin du mois. Vous pouvez consulter leurs p\u00e9riodes d&#8217;ouverture depuis leur fiche [\u2026]","og_url":"https:\/\/www.grande-traversee-alpes.com\/en\/sejours-en-refuge-info-covid-19\/","og_site_name":"GR5 Alpes","article_published_time":"2020-06-18T14:13:22+00:00","article_modified_time":"2020-06-18T14:20:46+00:00","author":"dmartin","twitter_card":"summary_large_image","twitter_misc":{"Written by":"dmartin","Est. reading time":"1 minute"},"schema":{"@context":"https:\/\/schema.org","@graph":[{"@type":"Article","@id":"https:\/\/www.grande-traversee-alpes.com\/sejours-en-refuge-info-covid-19\/#article","isPartOf":{"@id":"https:\/\/www.grande-traversee-alpes.com\/sejours-en-refuge-info-covid-19\/"},"author":{"name":"dmartin","@id":"https:\/\/www.grande-traversee-alpes.com\/#\/schema\/person\/f0a0c369ffc8cf00d7ecfb62d32afe37"},"headline":"Conditions d&#8217;accueil des h\u00e9bergeurs sur la partie alpine du GR\u00ae5 &#8211; info covid-19","datePublished":"2020-06-18T14:13:22+00:00","dateModified":"2020-06-18T14:20:46+00:00","mainEntityOfPage":{"@id":"https:\/\/www.grande-traversee-alpes.com\/sejours-en-refuge-info-covid-19\/"},"wordCount":149,"publisher":{"@id":"https:\/\/www.grande-traversee-alpes.com\/#organization"},"articleSection":["Actualit\u00e9s"],"inLanguage":"en-US"},{"@type":"WebPage","@id":"https:\/\/www.grande-traversee-alpes.com\/sejours-en-refuge-info-covid-19\/","url":"https:\/\/www.grande-traversee-alpes.com\/sejours-en-refuge-info-covid-19\/","name":"Conditions d'accueil des h\u00e9bergeurs sur la partie alpine du GR\u00ae5 - info covid-19","isPartOf":{"@id":"https:\/\/www.grande-traversee-alpes.com\/#website"},"datePublished":"2020-06-18T14:13:22+00:00","dateModified":"2020-06-18T14:20:46+00:00","breadcrumb":{"@id":"https:\/\/www.grande-traversee-alpes.com\/sejours-en-refuge-info-covid-19\/#breadcrumb"},"inLanguage":"en-US","potentialAction":[{"@type":"ReadAction","target":["https:\/\/www.grande-traversee-alpes.com\/sejours-en-refuge-info-covid-19\/"]}]},{"@type":"BreadcrumbList","@id":"https:\/\/www.grande-traversee-alpes.com\/sejours-en-refuge-info-covid-19\/#breadcrumb","itemListElement":[{"@type":"ListItem","position":1,"name":"Accueil","item":"https:\/\/www.grande-traversee-alpes.com\/"},{"@type":"ListItem","position":2,"name":"Conditions d&#8217;accueil des h\u00e9bergeurs sur la partie alpine du GR\u00ae5 &#8211; info covid-19"}]},{"@type":"WebSite","@id":"https:\/\/www.grande-traversee-alpes.com\/#website","url":"https:\/\/www.grande-traversee-alpes.com\/","name":"GR5 Alpes","description":"GR\u00ae5 - la grande travers\u00e9e des Alpes","publisher":{"@id":"https:\/\/www.grande-traversee-alpes.com\/#organization"},"potentialAction":[{"@type":"SearchAction","target":{"@type":"EntryPoint","urlTemplate":"https:\/\/www.grande-traversee-alpes.com\/?s={search_term_string}"},"query-input":{"@type":"PropertyValueSpecification","valueRequired":true,"valueName":"search_term_string"}}],"inLanguage":"en-US"},{"@type":"Organization","@id":"https:\/\/www.grande-traversee-alpes.com\/#organization","name":"GR5 Alpes","url":"https:\/\/www.grande-traversee-alpes.com\/","logo":{"@type":"ImageObject","inLanguage":"en-US","@id":"https:\/\/www.grande-traversee-alpes.com\/#\/schema\/logo\/image\/","url":"https:\/\/www.grande-traversee-alpes.com\/wp-content\/uploads\/2024\/01\/cropped-icone-gta-2.png","contentUrl":"https:\/\/www.grande-traversee-alpes.com\/wp-content\/uploads\/2024\/01\/cropped-icone-gta-2.png","width":378,"height":328,"caption":"GR5 Alpes"},"image":{"@id":"https:\/\/www.grande-traversee-alpes.com\/#\/schema\/logo\/image\/"}},{"@type":"Person","@id":"https:\/\/www.grande-traversee-alpes.com\/#\/schema\/person\/f0a0c369ffc8cf00d7ecfb62d32afe37","name":"dmartin","image":{"@type":"ImageObject","inLanguage":"en-US","@id":"https:\/\/secure.gravatar.com\/avatar\/c35ebac243b8f050815e61476327c9e109f83eaa359360b17d7598db4efa3689?s=96&d=mm&r=g","url":"https:\/\/secure.gravatar.com\/avatar\/c35ebac243b8f050815e61476327c9e109f83eaa359360b17d7598db4efa3689?s=96&d=mm&r=g","contentUrl":"https:\/\/secure.gravatar.com\/avatar\/c35ebac243b8f050815e61476327c9e109f83eaa359360b17d7598db4efa3689?s=96&d=mm&r=g","caption":"dmartin"},"sameAs":["delphine@grande-traversee-alpes.com"],"url":"https:\/\/www.grande-traversee-alpes.com\/en\/author\/dmartin\/"}]}},"_links":{"self":[{"href":"https:\/\/www.grande-traversee-alpes.com\/en\/wp-json\/wp\/v2\/posts\/411","targetHints":{"allow":["GET"]}}],"collection":[{"href":"https:\/\/www.grande-traversee-alpes.com\/en\/wp-json\/wp\/v2\/posts"}],"about":[{"href":"https:\/\/www.grande-traversee-alpes.com\/en\/wp-json\/wp\/v2\/types\/post"}],"author":[{"embeddable":true,"href":"https:\/\/www.grande-traversee-alpes.com\/en\/wp-json\/wp\/v2\/users\/6"}],"replies":[{"embeddable":true,"href":"https:\/\/www.grande-traversee-alpes.com\/en\/wp-json\/wp\/v2\/comments?post=411"}],"version-history":[{"count":3,"href":"https:\/\/www.grande-traversee-alpes.com\/en\/wp-json\/wp\/v2\/posts\/411\/revisions"}],"predecessor-version":[{"id":414,"href":"https:\/\/www.grande-traversee-alpes.com\/en\/wp-json\/wp\/v2\/posts\/411\/revisions\/414"}],"wp:attachment":[{"href":"https:\/\/www.grande-traversee-alpes.com\/en\/wp-json\/wp\/v2\/media?parent=411"}],"wp:term":[{"taxonomy":"category","embeddable":true,"href":"https:\/\/www.grande-traversee-alpes.com\/en\/wp-json\/wp\/v2\/categories?post=411"},{"taxonomy":"post_tag","embeddable":true,"href":"https:\/\/www.grande-traversee-alpes.com\/en\/wp-json\/wp\/v2\/tags?post=411"}],"curies":[{"name":"wp","href":"https:\/\/api.w.org\/{rel}","templated":true}]}}